{"id":11075,"date":"2015-11-03T06:26:34","date_gmt":"2015-11-03T05:26:34","guid":{"rendered":"http:\/\/www.inzaken.eu\/?p=11075"},"modified":"2015-11-03T06:26:34","modified_gmt":"2015-11-03T05:26:34","slug":"de-waarheid-dient-gezegd-te-worden","status":"publish","type":"post","link":"https:\/\/inzaken.eu\/index.php\/2015\/11\/03\/de-waarheid-dient-gezegd-te-worden\/","title":{"rendered":"De waarheid dient gezegd te worden&#8230;"},"content":{"rendered":"<p><a href=\"http:\/\/www.inzaken.eu\/afbeeldingen\/goncz-arpad-3.jpg\"><img loading=\"lazy\" decoding=\"async\" class=\"alignnone size-full wp-image-11076\" src=\"http:\/\/www.inzaken.eu\/afbeeldingen\/goncz-arpad-3.jpg\" alt=\"goncz arpad - 3\" width=\"220\" height=\"290\" \/><\/a><\/p>\n<p><strong>Na mijn vorige bericht &#8220;Eerloos en Stijlloos&#8221; van 29 oktober ben ik er heel opmerkelijk door Hongaren &#8211; die nauwelijks het Nederlands beheersen (beroerder nog dan mijn Hongaars (!) &#8211; op gewezen, dat het mogelijk een wens van oud-president \u00c1rpib\u00e1csi G\u00f6ncz zelf is geweest, om zonder alle mogelijke bombarie begraven te worden.<\/strong><\/p>\n<p>Bij nader inzien past dat natuurlijk ook wel bij \u00c1rpib\u00e1csi en straalt dat ook eigenlijk wel uit de artikeltjes die ik eerder ter dierbare herinnering aan hem heb geschreven. (<a href=\"http:\/\/www.inzaken.eu\/in-memoriam-president-goncz-arpad-op-94-jarige-leeftijd-overleden\/\">http:\/\/www.inzaken.eu\/in-memoriam-president-goncz-arpad-op-94-jarige-leeftijd-overleden\/<\/a> en <a href=\"http:\/\/www.inzaken.eu\/eerloos-stijlloos\/\">http:\/\/www.inzaken.eu\/eerloos-stijlloos\/<\/a>.) \u00c1rp\u00e1d G\u00f6ncz werd in de wandelgangen niet voor niets door iedereen liefdevol en uit respect voor zijn allesbehalve protserige levensstijl standaard &#8220;\u00c1rpib\u00e1csi&#8221; genoemd, het Hongaars voor &#8216;oompje \u00c1rp\u00e1d&#8217;. Tot slot aan dit gedeelte van het verhaaltje nog een kleine anekdote als &#8220;bewijs&#8221;:<\/p>\n<p><strong>Eenvoudige flatwoning<br \/>\n<\/strong>Toen \u00c1rp\u00e1d G\u00f6ncz door het parlement tot president was gekozen, woonde hij nog in een eenvoudige flatwoning, waar hij ook na zijn verkiezing nog een tijdlang wekelijks in zijn versleten ochtendjas de vuilnisbak buiten zette. Daar werd &#8211; ook door de politieagenten die heel trouw dag en nacht voor zijn deur stonden te waken &#8211; lacherig om gedaan, maar aanbiedingen om die taak van hem over te nemen sloeg hij aanvankelijk altijd af. &#8220;Aanvankelijk&#8221; betekende totdat hij met zijn vrouw naar een meer potsierlijke ambtswoning <strong>moest <\/strong>verhuizen. Naar zijn &#8220;presidenti\u00eble burelen&#8221; reed hij tot die tijd ook altijd nog trouw in zijn pensioengerechtigde tweetakt Wartburg. Het 100%-ige waarheidsgehalte van deze anekdotes durf ik niet te garanderen, maar het paste wel bij hem en zij werden door een diversiteit aan oude buren van hem bekend gemaakt, bijna altijd met de &#8220;eervolle&#8221; vermelding dat zij (de buren), met al die bewaking voor de deur, niet veiliger konden wonen en het jammer vonden toen hij wegging!<\/p>\n<p><strong>Persmededelingen<br \/>\n<\/strong>De werkelijke reden voor deze publicatie verscheen vandaag, 2 november, in de offici\u00eble Engelstalige late namiddag persmededelingen:<\/p>\n<p><strong>Een kort bericht, dat de Hongaarse president J\u00e1nos \u00c1der, zijn vrouw en premier Viktor Orb\u00e1n (en waarschijnlijk heel veel &#8220;oortjes&#8221;) op 6 november aanstaande toch aanwezig zullen zijn op de begrafenis van \u00c1rp\u00e1d G\u00f6ncz, maar wel als priv\u00e9 personen, waarvan Akte!<\/strong><\/p>\n<p>&nbsp;<\/p>\n","protected":false},"excerpt":{"rendered":"<p>Na mijn vorige bericht &#8220;Eerloos en Stijlloos&#8221; van 29 oktober ben ik er heel opmerkelijk door Hongaren &#8211; die nauwelijks het Nederlands beheersen (beroerder nog dan mijn Hongaars (!) &#8211; [&hellip;]<\/p>\n","protected":false},"author":1,"featured_media":0,"comment_status":"open","ping_status":"closed","sticky":false,"template":"","format":"standard","meta":{"_price":"","_stock":"","_tribe_ticket_header":"","_tribe_default_ticket_provider":"","_tribe_ticket_capacity":"0","_ticket_start_date":"","_ticket_end_date":"","_tribe_ticket_show_description":"","_tribe_ticket_show_not_going":false,"_tribe_ticket_use_global_stock":"","_tribe_ticket_global_stock_level":"","_global_stock_mode":"","_global_stock_cap":"","_tribe_rsvp_for_event":"","_tribe_ticket_going_count":"","_tribe_ticket_not_going_count":"","_tribe_tickets_list":"[]","_tribe_ticket_has_attendee_info_fields":false,"_jetpack_memberships_contains_paid_content":false,"footnotes":""},"categories":[7],"tags":[22,624,5574,5588],"class_list":["post-11075","post","type-post","status-publish","format-standard","hentry","category-hongarije","tag-arpibacsi","tag-arpad-goncz","tag-premier-viktor-orban","tag-president-janos-ader"],"jetpack_featured_media_url":"","jetpack_sharing_enabled":true,"_links":{"self":[{"href":"https:\/\/inzaken.eu\/index.php\/wp-json\/wp\/v2\/posts\/11075","targetHints":{"allow":["GET"]}}],"collection":[{"href":"https:\/\/inzaken.eu\/index.php\/wp-json\/wp\/v2\/posts"}],"about":[{"href":"https:\/\/inzaken.eu\/index.php\/wp-json\/wp\/v2\/types\/post"}],"author":[{"embeddable":true,"href":"https:\/\/inzaken.eu\/index.php\/wp-json\/wp\/v2\/users\/1"}],"replies":[{"embeddable":true,"href":"https:\/\/inzaken.eu\/index.php\/wp-json\/wp\/v2\/comments?post=11075"}],"version-history":[{"count":0,"href":"https:\/\/inzaken.eu\/index.php\/wp-json\/wp\/v2\/posts\/11075\/revisions"}],"wp:attachment":[{"href":"https:\/\/inzaken.eu\/index.php\/wp-json\/wp\/v2\/media?parent=11075"}],"wp:term":[{"taxonomy":"category","embeddable":true,"href":"https:\/\/inzaken.eu\/index.php\/wp-json\/wp\/v2\/categories?post=11075"},{"taxonomy":"post_tag","embeddable":true,"href":"https:\/\/inzaken.eu\/index.php\/wp-json\/wp\/v2\/tags?post=11075"}],"curies":[{"name":"wp","href":"https:\/\/api.w.org\/{rel}","templated":true}]}}