{"id":13886,"date":"2019-10-04T10:02:48","date_gmt":"2019-10-04T08:02:48","guid":{"rendered":"http:\/\/inzaken.home.blog\/?p=13886"},"modified":"2019-10-04T10:02:48","modified_gmt":"2019-10-04T08:02:48","slug":"expositie-full-circle-poland-now-then-van-chris-niedenthal-in-wm-gallery","status":"publish","type":"post","link":"https:\/\/inzaken.eu\/index.php\/2019\/10\/04\/expositie-full-circle-poland-now-then-van-chris-niedenthal-in-wm-gallery\/","title":{"rendered":"Expositie FULL CIRCLE \u2013 Poland Now &amp; Then van Chris Niedenthal in WM Gallery"},"content":{"rendered":"\n<figure class=\"wp-block-image size-large\"><img decoding=\"async\" src=\"https:\/\/inzaken.eu\/wp-content\/uploads\/2019\/10\/chris-niedenthal-2.jpg?w=1024\" alt=\"\" class=\"wp-image-13887\" \/><\/figure>\n\n\n\n<p><strong>\u2018Poland Now and Then\u2019, van de\nbelangrijke fotojournalist Chris Niedenthal, bestaat uit een reeks foto&#8217;s die\nde periode van de jaren zeventig tot heden bestrijken. Het oeuvre van\nNiedenthal bevat in zich de tektonische verschuivingen die de Poolse en\nEuropese recente geschiedenis hebben gevormd. <\/strong><\/p>\n\n\n\n<p>Van de opkomst van de Solidariteitsbeweging\nin Gda\u0144sk, de daaropvolgende val van het communistische regime, de toetreding\nvan Polen tot de Europese Unie tot de recentere burgerprotesten tegen de\nhuidige rechtse regering, heeft Niedenthal dit macro-proces weten te vangen\nvanuit een empathisch, menselijk en relateerbaar perspectief. <\/p>\n\n\n\n<p><strong>Parallellen <\/strong><\/p>\n\n\n\n<p>Op dwingende wijze leidt de\ntentoonstelling ertoe dat de toeschouwer onmiddellijk parallellen trekt tussen\nde dagen van de massale protesten van Solidarno\u015b\u0107 tegen de brutale absurditeit\nvan het communistische regime aan de ene kant en de recente protesten tegen de\nmisogynistische en chauvinistische cynisme van de huidige hard-rechtse\nPiS-regering (Recht &amp; Gerechtigheid) aan de andere. Nu de cirkel rond lijkt\nte zijn, is deze tentoonstelling des te urgenter geworden, precies nu, rekening\nhoudend met de verontrustende gebeurtenissen van de afgelopen jaren.<\/p>\n\n\n\n<p><strong>Chris Niedenthal <\/strong><\/p>\n\n\n\n<p>Poolse fotojournalist geboren in\nhet Verenigd Koninkrijk (Londen, 1950). Studeerde fotografie aan het London\nCollege of Printing (nu het London College of Communication). <\/p>\n\n\n\n<p>Hij ging in 1973 aanvankelijk\nvoor slechts enkele maanden naar Polen, en is daar sindsdien blijven wonen. Als\nfreelance contractfotograaf bij NEWSWEEK (tot 1984) documenteerde hij het leven\nonder het Communisme, de bedevaarten van paus Johannes Paulus II naar zijn\nthuisland, de opkomst van de Solidariteitsbeweging en Polen tijdens de staat\nvan beleg. In 1985 sloot hij zich aan bij TIME Magazine en werkte in heel\nOost-Europa en de Sovjet-Unie, inclusief de val van het communisme in 1989. In\nde vroege jaren \u201890 werkte hij als freelancer voor Der Spiegel in Slowakije,\nTsjechi\u00eb en Oekra\u00efne. Hij publiceerde een autobiografie en verscheidene boeken\nmet zijn fotografische werk (waaronder &#8220;<em>1989. A Year of Hope<\/em>&#8221;\nBOSZ, 2017). In 1987 ontving hij een prijs in de World Press Photo-competitie,\nvoor een portret van de Hongaarse communistische leider J\u00e1nos K\u00e1d\u00e1r.<\/p>\n\n\n\n<p><strong>Regering Polen <\/strong><\/p>\n\n\n\n<p>Niedenthal werkt nu aan zijn\neigen projecten, waaronder het documenteren van de protesten tegen de huidige\nrechtse regering die plaatsvinden in Polen sinds de PiS (Recht &amp;\nGerechtigheid-partij) de macht kreeg bij de verkiezingen van 2015. In het\nafgelopen jaar fotografeerde hij de stad Gda\u0144sk in Polen en een boek met deze\nfoto&#8217;s werd in juni 2019 gepubliceerd door het Gda\u0144sk Museum.<\/p>\n\n\n\n<p>Hij woont en\nwerkt in Warschau.<\/p>\n\n\n\n<p>Chris Niedenthal\nzal aanwezig zijn bij de opening op vrijdag 11 oktober 2019 van 17:30 tot 19:30\nuur in Gallery WM<\/p>\n\n\n\n<p>http:\/\/gallerywm.com\/WP\/<\/p>\n","protected":false},"excerpt":{"rendered":"<p>\u2018Poland Now and Then\u2019, van de belangrijke fotojournalist Chris Niedenthal, bestaat uit een reeks foto&#8217;s die de periode van de jaren zeventig tot heden bestrijken. Het oeuvre van Niedenthal bevat [&hellip;]<\/p>\n","protected":false},"author":1,"featured_media":0,"comment_status":"closed","ping_status":"open","sticky":false,"template":"","format":"standard","meta":{"_price":"","_stock":"","_tribe_ticket_header":"","_tribe_default_ticket_provider":"","_tribe_ticket_capacity":"0","_ticket_start_date":"","_ticket_end_date":"","_tribe_ticket_show_description":"","_tribe_ticket_show_not_going":false,"_tribe_ticket_use_global_stock":"","_tribe_ticket_global_stock_level":"","_global_stock_mode":"","_global_stock_cap":"","_tribe_rsvp_for_event":"","_tribe_ticket_going_count":"","_tribe_ticket_not_going_count":"","_tribe_tickets_list":"[]","_tribe_ticket_has_attendee_info_fields":false,"_jetpack_memberships_contains_paid_content":false,"footnotes":""},"categories":[14],"tags":[357,1264,2642,5494,6282,7490],"class_list":["post-13886","post","type-post","status-publish","format-standard","hentry","category-polen","tag-amsterdam","tag-chris-niedenthal","tag-gdansk","tag-poland","tag-solidarnosc","tag-wm-gallery"],"jetpack_featured_media_url":"","jetpack_sharing_enabled":true,"_links":{"self":[{"href":"https:\/\/inzaken.eu\/index.php\/wp-json\/wp\/v2\/posts\/13886","targetHints":{"allow":["GET"]}}],"collection":[{"href":"https:\/\/inzaken.eu\/index.php\/wp-json\/wp\/v2\/posts"}],"about":[{"href":"https:\/\/inzaken.eu\/index.php\/wp-json\/wp\/v2\/types\/post"}],"author":[{"embeddable":true,"href":"https:\/\/inzaken.eu\/index.php\/wp-json\/wp\/v2\/users\/1"}],"replies":[{"embeddable":true,"href":"https:\/\/inzaken.eu\/index.php\/wp-json\/wp\/v2\/comments?post=13886"}],"version-history":[{"count":0,"href":"https:\/\/inzaken.eu\/index.php\/wp-json\/wp\/v2\/posts\/13886\/revisions"}],"wp:attachment":[{"href":"https:\/\/inzaken.eu\/index.php\/wp-json\/wp\/v2\/media?parent=13886"}],"wp:term":[{"taxonomy":"category","embeddable":true,"href":"https:\/\/inzaken.eu\/index.php\/wp-json\/wp\/v2\/categories?post=13886"},{"taxonomy":"post_tag","embeddable":true,"href":"https:\/\/inzaken.eu\/index.php\/wp-json\/wp\/v2\/tags?post=13886"}],"curies":[{"name":"wp","href":"https:\/\/api.w.org\/{rel}","templated":true}]}}