{"id":35721,"date":"2025-08-27T12:03:39","date_gmt":"2025-08-27T10:03:39","guid":{"rendered":"https:\/\/inzaken.eu\/?p=35721"},"modified":"2025-08-27T12:04:11","modified_gmt":"2025-08-27T10:04:11","slug":"ehab-omaro-een-syrische-kunstenaar-in-nederland","status":"publish","type":"post","link":"https:\/\/inzaken.eu\/index.php\/2025\/08\/27\/ehab-omaro-een-syrische-kunstenaar-in-nederland\/","title":{"rendered":"Ehab Omaro, een Syrische kunstenaar in Nederland"},"content":{"rendered":"\n<p><strong>Ehab Omaro maakt abstracte schilderijen met heel veel lagen. Hij wordt ge\u00efnspireerd door de kunstenaars van De Stijl, met name Piet Mondriaan en Theo van Doesburg. Ehab Omaro komt oorspronkelijk uit Syri\u00eb, maar woont nu in Rijswijk waar hij fulltime met zijn schilderkunst bezig is.<\/strong><\/p>\n\n\n\n<p>Op een zonnige woensdagmiddag bezoek ik Ehab in zijn appartement in de muziekbuurt. Ik merk al gauw dat Ehab op-en-top gemotiveerd is om te slagen als kunstenaar in zijn nieuwe land. Achter me hangt een van zijn schilderijen waar je een stad in kunt zien, maar evenzogoed een ritmisch kleurenpatroon. <\/p>\n\n\n\n<figure class=\"wp-block-image size-full\"><img loading=\"lazy\" decoding=\"async\" width=\"654\" height=\"872\" src=\"https:\/\/inzaken.eu\/wp-content\/uploads\/ehab-omaro-2-.jpg\" alt=\"\" class=\"wp-image-35723\" srcset=\"https:\/\/inzaken.eu\/wp-content\/uploads\/ehab-omaro-2-.jpg 654w, https:\/\/inzaken.eu\/wp-content\/uploads\/ehab-omaro-2--225x300.jpg 225w\" sizes=\"auto, (max-width: 654px) 100vw, 654px\" \/><\/figure>\n\n\n\n<p><strong>Diepe emoties en verborgen gevoelens<\/strong><\/p>\n\n\n\n<p>Ehab Omaro wil in zijn werk diepe emoties en verborgen gevoelens vastleggen, zegt hij. \u201cIeder van ons heeft een verhaal. De meesten van ons missen de manier om het uit te drukken. Mijn kunst probeert dat verhaal te vertellen. Het kan werken als een therapie.\u201d Als met een kunstwerk bezig is, probeert een connectie te maken met de mogelijke verzamelaar van zijn werk.<\/p>\n\n\n\n<p>Hij heeft een andere band met de verzamelaars dan de meeste kunstenaars, zegt hij. \u201cIk help mijn verzamelaars om een mijlpaal of een moment uit hun leven te vieren met mijn kunst. Ik merk dat verzamelaars een sterke band hebben met mijn werk.\u201d Het zijn ook bijzondere personen die zijn werk kopen: niet de gemiddelde man\/vrouw in de straat. \u201cZe zijn vooral emotioneler dan gemiddeld.\u201d <\/p>\n\n\n\n<figure class=\"wp-block-image size-large\"><img loading=\"lazy\" decoding=\"async\" width=\"1018\" height=\"1024\" src=\"https:\/\/inzaken.eu\/wp-content\/uploads\/ehab-omaro-3-1018x1024.jpg\" alt=\"\" class=\"wp-image-35724\" srcset=\"https:\/\/inzaken.eu\/wp-content\/uploads\/ehab-omaro-3-1018x1024.jpg 1018w, https:\/\/inzaken.eu\/wp-content\/uploads\/ehab-omaro-3-298x300.jpg 298w, https:\/\/inzaken.eu\/wp-content\/uploads\/ehab-omaro-3-150x150.jpg 150w, https:\/\/inzaken.eu\/wp-content\/uploads\/ehab-omaro-3-768x772.jpg 768w, https:\/\/inzaken.eu\/wp-content\/uploads\/ehab-omaro-3-1527x1536.jpg 1527w, https:\/\/inzaken.eu\/wp-content\/uploads\/ehab-omaro-3-2036x2048.jpg 2036w, https:\/\/inzaken.eu\/wp-content\/uploads\/ehab-omaro-3-88x88.jpg 88w, https:\/\/inzaken.eu\/wp-content\/uploads\/ehab-omaro-3-816x821.jpg 816w\" sizes=\"auto, (max-width: 1018px) 100vw, 1018px\" \/><\/figure>\n\n\n\n<p><strong>Sleutelwerk<\/strong><\/p>\n\n\n\n<p>Heeft hij een sleutelwerk, een werk dat voor een omslag in zijn oeuvre zorgde of een werk dat in zijn hersenen gegrift is? Dat heeft hij. Hij heeft er zelfs twee. De eerste is \u2018<em>Inferno<\/em>\u2019. De hel. \u201cHet begon ermee toen ik besloot om drie bewegingen op het doek te zetten. Ik probeerde diepe emoties, hoe wij als mensen dit kunnen voelen vast te leggen, vooral omdat het vaak onuitgesproken blijft. De enorme impact op de mens heb ik geprobeerd op het canvas weer te geven.\u201d\u00a0 <\/p>\n\n\n\n<figure class=\"wp-block-image size-full\"><img loading=\"lazy\" decoding=\"async\" width=\"393\" height=\"524\" src=\"https:\/\/inzaken.eu\/wp-content\/uploads\/ehab-omaro-4-.jpg\" alt=\"\" class=\"wp-image-35725\" srcset=\"https:\/\/inzaken.eu\/wp-content\/uploads\/ehab-omaro-4-.jpg 393w, https:\/\/inzaken.eu\/wp-content\/uploads\/ehab-omaro-4--225x300.jpg 225w\" sizes=\"auto, (max-width: 393px) 100vw, 393px\" \/><\/figure>\n\n\n\n<p>De tweede is een andere serie: \u2018<em>A Tour in the City<\/em>\u2019. \u201cDie is ge\u00efnspireerd door mijn eigen land Syri\u00eb en de landen die ik in mijn leven heb bezocht. Onder andere Saudi-Arabi\u00eb, Turkije, Griekenland, Libanon, Spanje, Frankrijk, Nederland en Duitsland. Een denkbeeldige stad die ik in gedachten heb. Het is een abstracte, ongedefinieerde stad.\u201d<\/p>\n\n\n\n<figure class=\"wp-block-image size-full\"><img loading=\"lazy\" decoding=\"async\" width=\"654\" height=\"657\" src=\"https:\/\/inzaken.eu\/wp-content\/uploads\/ehab-omaro-5.jpg\" alt=\"\" class=\"wp-image-35726\" srcset=\"https:\/\/inzaken.eu\/wp-content\/uploads\/ehab-omaro-5.jpg 654w, https:\/\/inzaken.eu\/wp-content\/uploads\/ehab-omaro-5-300x300.jpg 300w, https:\/\/inzaken.eu\/wp-content\/uploads\/ehab-omaro-5-150x150.jpg 150w, https:\/\/inzaken.eu\/wp-content\/uploads\/ehab-omaro-5-88x88.jpg 88w\" sizes=\"auto, (max-width: 654px) 100vw, 654px\" \/><\/figure>\n\n\n\n<p><strong>5 jaar oud<\/strong><\/p>\n\n\n\n<p>Hoe lang is Ehab al kunstenaar? \u201cSinds ik 5 jaar oud was. Ik kreeg veel steun van mijn moeder, nu krijg ik dat van mijn vrouw. Vrouwen, ze doen al het werk!\u201d Als kind nam hij deel aan teken- en schilderwedstrijden, lokaal en wereldwijd. Soms won hij ook. Hij laat een grote goudkleurige medaille zien. Na de middelbare ging hij als vanzelfsprekend naar de Kunstacademie in Damascus. <\/p>\n\n\n\n<figure class=\"wp-block-image size-large\"><img loading=\"lazy\" decoding=\"async\" width=\"819\" height=\"1024\" src=\"https:\/\/inzaken.eu\/wp-content\/uploads\/ehab-omaro-6-819x1024.jpg\" alt=\"\" class=\"wp-image-35727\" srcset=\"https:\/\/inzaken.eu\/wp-content\/uploads\/ehab-omaro-6-819x1024.jpg 819w, https:\/\/inzaken.eu\/wp-content\/uploads\/ehab-omaro-6-240x300.jpg 240w, https:\/\/inzaken.eu\/wp-content\/uploads\/ehab-omaro-6-768x960.jpg 768w, https:\/\/inzaken.eu\/wp-content\/uploads\/ehab-omaro-6-1229x1536.jpg 1229w, https:\/\/inzaken.eu\/wp-content\/uploads\/ehab-omaro-6-816x1020.jpg 816w, https:\/\/inzaken.eu\/wp-content\/uploads\/ehab-omaro-6.jpg 1440w\" sizes=\"auto, (max-width: 819px) 100vw, 819px\" \/><\/figure>\n\n\n\n<p>Hij was 18 toen. \u201cIk heb beeldende kunst gestudeerd en me gespecialiseerd in interieurontwerp.\u201d Nadat hij afgestudeerd was reisde hij in 2011 naar Saoedi-Arabi\u00eb en had daar een paar jaar een commerci\u00eble carri\u00e8re als interieurontwerper. In 2015 ging hij naar Nederland. In eerste instantie zette hij zijn commerci\u00eble carri\u00e8re voort, bij een Nederlands bedrijf, Rituals Cosmetics. <\/p>\n\n\n\n<figure class=\"wp-block-image size-large\"><img loading=\"lazy\" decoding=\"async\" width=\"1024\" height=\"1024\" src=\"https:\/\/inzaken.eu\/wp-content\/uploads\/ehab-omaro-7-1024x1024.jpg\" alt=\"\" class=\"wp-image-35728\" srcset=\"https:\/\/inzaken.eu\/wp-content\/uploads\/ehab-omaro-7-1024x1024.jpg 1024w, https:\/\/inzaken.eu\/wp-content\/uploads\/ehab-omaro-7-300x300.jpg 300w, https:\/\/inzaken.eu\/wp-content\/uploads\/ehab-omaro-7-150x150.jpg 150w, https:\/\/inzaken.eu\/wp-content\/uploads\/ehab-omaro-7-768x768.jpg 768w, https:\/\/inzaken.eu\/wp-content\/uploads\/ehab-omaro-7-1536x1536.jpg 1536w, https:\/\/inzaken.eu\/wp-content\/uploads\/ehab-omaro-7-2048x2048.jpg 2048w, https:\/\/inzaken.eu\/wp-content\/uploads\/ehab-omaro-7-88x88.jpg 88w, https:\/\/inzaken.eu\/wp-content\/uploads\/ehab-omaro-7-816x816.jpg 816w\" sizes=\"auto, (max-width: 1024px) 100vw, 1024px\" \/><\/figure>\n\n\n\n<p><strong>Onafhankelijke kunstenaar<\/strong><\/p>\n\n\n\n<p>In al die jaren was hij niet in Syri\u00eb geweest, dat juist toen in wanorde en met veel geweld in elkaar stortte. \u201cRuim 11 jaar was ik niet in Syri\u00eb. In Den Haag kwam mijn droom om een onafhankelijke kunstenaar te zijn weer tot leven.\u201d Dat kwam vooral omdat hij zich in een patroon geperst voelde in de 9 tot 5-baan waar hij zijn creativiteit maar beperkt kwijt kon. \u201cIk voelde me als een robot. Tegelijkertijd kreeg ik genoeg vertrouwen om mijn commerci\u00eble carri\u00e8re te stoppen en mijn kunst professioneel te gaan verkopen. Ik besloot: ik word een fulltime artiest!\u201d <\/p>\n\n\n\n<figure class=\"wp-block-image size-large\"><img loading=\"lazy\" decoding=\"async\" width=\"654\" height=\"1024\" src=\"https:\/\/inzaken.eu\/wp-content\/uploads\/ehab-omaro-8-654x1024.jpg\" alt=\"\" class=\"wp-image-35729\" srcset=\"https:\/\/inzaken.eu\/wp-content\/uploads\/ehab-omaro-8-654x1024.jpg 654w, https:\/\/inzaken.eu\/wp-content\/uploads\/ehab-omaro-8-192x300.jpg 192w, https:\/\/inzaken.eu\/wp-content\/uploads\/ehab-omaro-8-768x1202.jpg 768w, https:\/\/inzaken.eu\/wp-content\/uploads\/ehab-omaro-8-816x1277.jpg 816w, https:\/\/inzaken.eu\/wp-content\/uploads\/ehab-omaro-8.jpg 825w\" sizes=\"auto, (max-width: 654px) 100vw, 654px\" \/><\/figure>\n\n\n\n<p>En, lukte het? \u201cHet ging goed. Meer dan 30 verzamelaars vieren hun beste moment met mijn kunst. Sommigen kopen meer dan een werk. Ik probeer verbindingen te leggen, meer dan dat ik een kunstwerk verkoop deel ik een ervaring. Mijn kunst blijkt te werken als een therapie. Als ik contact krijg met een potenti\u00eble koper, is mijn eerste vraag altijd: \u2018wat voel je als je ernaar kijkt? Ik wil weten waarom hij\/zij verbonden is met mijn kunstwerk. Zo krijgt het werk zijn waarde. Er zijn daarnaast ook verzamelaars die het kopen om hun neerslachtigheid te verdrijven. Dat is voor mij ook valide.\u201d <\/p>\n\n\n\n<figure class=\"wp-block-image size-large\"><img loading=\"lazy\" decoding=\"async\" width=\"1024\" height=\"999\" src=\"https:\/\/inzaken.eu\/wp-content\/uploads\/ehab-omaro-9-1024x999.jpg\" alt=\"\" class=\"wp-image-35730\" srcset=\"https:\/\/inzaken.eu\/wp-content\/uploads\/ehab-omaro-9-1024x999.jpg 1024w, https:\/\/inzaken.eu\/wp-content\/uploads\/ehab-omaro-9-300x293.jpg 300w, https:\/\/inzaken.eu\/wp-content\/uploads\/ehab-omaro-9-768x749.jpg 768w, https:\/\/inzaken.eu\/wp-content\/uploads\/ehab-omaro-9-1536x1499.jpg 1536w, https:\/\/inzaken.eu\/wp-content\/uploads\/ehab-omaro-9-2048x1998.jpg 2048w, https:\/\/inzaken.eu\/wp-content\/uploads\/ehab-omaro-9-816x796.jpg 816w\" sizes=\"auto, (max-width: 1024px) 100vw, 1024px\" \/><\/figure>\n\n\n\n<p><strong>Captain Ahab<\/strong><\/p>\n\n\n\n<p>Tot slot, is zijn voornaam verwant aan Ahab, Captain Ahab van het beroemde boek <em>Moby Dick<\/em> van Herman Melville? Ehab: \u201dNee, mijn naam is Ehab, dat is een veel voorkomende naam in Syri\u00eb, er is geen connectie met Captain Ahab.\u201d <\/p>\n\n\n\n<figure class=\"wp-block-image size-large\"><img loading=\"lazy\" decoding=\"async\" width=\"971\" height=\"1024\" src=\"https:\/\/inzaken.eu\/wp-content\/uploads\/ehab-omaro-10-971x1024.jpg\" alt=\"\" class=\"wp-image-35731\" srcset=\"https:\/\/inzaken.eu\/wp-content\/uploads\/ehab-omaro-10-971x1024.jpg 971w, https:\/\/inzaken.eu\/wp-content\/uploads\/ehab-omaro-10-285x300.jpg 285w, https:\/\/inzaken.eu\/wp-content\/uploads\/ehab-omaro-10-768x810.jpg 768w, https:\/\/inzaken.eu\/wp-content\/uploads\/ehab-omaro-10-816x860.jpg 816w, https:\/\/inzaken.eu\/wp-content\/uploads\/ehab-omaro-10.jpg 1440w\" sizes=\"auto, (max-width: 971px) 100vw, 971px\" \/><\/figure>\n\n\n\n<figure class=\"wp-block-image size-large\"><img loading=\"lazy\" decoding=\"async\" width=\"1024\" height=\"1024\" src=\"https:\/\/inzaken.eu\/wp-content\/uploads\/ehab-omaro-11-1024x1024.jpg\" alt=\"\" class=\"wp-image-35732\" srcset=\"https:\/\/inzaken.eu\/wp-content\/uploads\/ehab-omaro-11-1024x1024.jpg 1024w, https:\/\/inzaken.eu\/wp-content\/uploads\/ehab-omaro-11-300x300.jpg 300w, https:\/\/inzaken.eu\/wp-content\/uploads\/ehab-omaro-11-150x150.jpg 150w, https:\/\/inzaken.eu\/wp-content\/uploads\/ehab-omaro-11-768x768.jpg 768w, https:\/\/inzaken.eu\/wp-content\/uploads\/ehab-omaro-11-1536x1536.jpg 1536w, https:\/\/inzaken.eu\/wp-content\/uploads\/ehab-omaro-11-2048x2048.jpg 2048w, https:\/\/inzaken.eu\/wp-content\/uploads\/ehab-omaro-11-88x88.jpg 88w, https:\/\/inzaken.eu\/wp-content\/uploads\/ehab-omaro-11-816x816.jpg 816w\" sizes=\"auto, (max-width: 1024px) 100vw, 1024px\" \/><\/figure>\n\n\n\n<figure class=\"wp-block-image size-large\"><img loading=\"lazy\" decoding=\"async\" width=\"834\" height=\"1024\" src=\"https:\/\/inzaken.eu\/wp-content\/uploads\/ehab-omaro-12-834x1024.jpg\" alt=\"\" class=\"wp-image-35733\" srcset=\"https:\/\/inzaken.eu\/wp-content\/uploads\/ehab-omaro-12-834x1024.jpg 834w, https:\/\/inzaken.eu\/wp-content\/uploads\/ehab-omaro-12-244x300.jpg 244w, https:\/\/inzaken.eu\/wp-content\/uploads\/ehab-omaro-12-768x943.jpg 768w, https:\/\/inzaken.eu\/wp-content\/uploads\/ehab-omaro-12-816x1002.jpg 816w, https:\/\/inzaken.eu\/wp-content\/uploads\/ehab-omaro-12.jpg 1144w\" sizes=\"auto, (max-width: 834px) 100vw, 834px\" \/><\/figure>\n\n\n\n<figure class=\"wp-block-image size-large\"><img loading=\"lazy\" decoding=\"async\" width=\"819\" height=\"1024\" src=\"https:\/\/inzaken.eu\/wp-content\/uploads\/ehab-omaro-13-819x1024.jpg\" alt=\"\" class=\"wp-image-35734\" srcset=\"https:\/\/inzaken.eu\/wp-content\/uploads\/ehab-omaro-13-819x1024.jpg 819w, https:\/\/inzaken.eu\/wp-content\/uploads\/ehab-omaro-13-240x300.jpg 240w, https:\/\/inzaken.eu\/wp-content\/uploads\/ehab-omaro-13-768x960.jpg 768w, https:\/\/inzaken.eu\/wp-content\/uploads\/ehab-omaro-13-1229x1536.jpg 1229w, https:\/\/inzaken.eu\/wp-content\/uploads\/ehab-omaro-13-1639x2048.jpg 1639w, https:\/\/inzaken.eu\/wp-content\/uploads\/ehab-omaro-13-816x1020.jpg 816w, https:\/\/inzaken.eu\/wp-content\/uploads\/ehab-omaro-13-scaled.jpg 2048w\" sizes=\"auto, (max-width: 819px) 100vw, 819px\" \/><\/figure>\n\n\n\n<figure class=\"wp-block-image size-large\"><img loading=\"lazy\" decoding=\"async\" width=\"819\" height=\"1024\" src=\"https:\/\/inzaken.eu\/wp-content\/uploads\/ehab-omaro-14-819x1024.jpg\" alt=\"\" class=\"wp-image-35735\" srcset=\"https:\/\/inzaken.eu\/wp-content\/uploads\/ehab-omaro-14-819x1024.jpg 819w, https:\/\/inzaken.eu\/wp-content\/uploads\/ehab-omaro-14-240x300.jpg 240w, https:\/\/inzaken.eu\/wp-content\/uploads\/ehab-omaro-14-768x960.jpg 768w, https:\/\/inzaken.eu\/wp-content\/uploads\/ehab-omaro-14-1229x1536.jpg 1229w, https:\/\/inzaken.eu\/wp-content\/uploads\/ehab-omaro-14-1638x2048.jpg 1638w, https:\/\/inzaken.eu\/wp-content\/uploads\/ehab-omaro-14-816x1020.jpg 816w, https:\/\/inzaken.eu\/wp-content\/uploads\/ehab-omaro-14-scaled.jpg 2048w\" sizes=\"auto, (max-width: 819px) 100vw, 819px\" \/><\/figure>\n\n\n\n<p>Afbeeldingen: 1) Back to my hometown, 30x40cm, 2) Day on the roof 2.0., 100x100cm, 3) Day on the roof, 100x100cm, 4) Day on the roof collection, 5) Gold prize 1995-Kanagawa children art competition-Japan, 6) Indisposition ( let it burn ), 80x120cm, 7) Infern\u00f3 2.0., 50x50cm, 8) Infern\u00f3, 60x90cm, 9) Inside the built-up area 2.0.,&nbsp; 80x80cm, 10) Inside the built-up area, 80x80cm, 11) Insomnia, 100x100cm, 12) Ehab Omaro portret, 13) The abandoned city, 82x142cm, 14) The abandoned city 82x142cm&nbsp; &nbsp;&nbsp;&nbsp;&nbsp;&nbsp;&nbsp;&nbsp;&nbsp;&nbsp;&nbsp;&nbsp;<\/p>\n\n\n\n<p>Verschenen 2021.<\/p>\n\n\n\n<p>Om meer te weten over Ehab, kijk dan op zijn sociale kanalen hieronder:<\/p>\n\n\n\n<p><a href=\"https:\/\/nl.ehabomaro.com\/\">https:\/\/www.ehabomaro.com\/<\/a><br><a href=\"https:\/\/www.instagram.com\/ehabomaroart\/\">https:\/\/www.instagram.com\/ehabomaroart\/<\/a><br><a href=\"https:\/\/www.facebook.com\/ehabomaroart\/\">https:\/\/www.facebook.com\/ehabomaroart\/<\/a><\/p>\n\n\n\n<p><a href=\"https:\/\/marbellamarbella.es\/tag\/ehab-omaro\">https:\/\/marbellamarbella.es\/tag\/ehab-omaro<\/a><\/p>\n","protected":false},"excerpt":{"rendered":"<p>Ehab Omaro maakt abstracte schilderijen met heel veel lagen. Hij wordt ge\u00efnspireerd door de kunstenaars van De Stijl, met name Piet Mondriaan en Theo van Doesburg. Ehab Omaro komt oorspronkelijk [&hellip;]<\/p>\n","protected":false},"author":2,"featured_media":35722,"comment_status":"open","ping_status":"open","sticky":false,"template":"","format":"standard","meta":{"_price":"","_stock":"","_tribe_ticket_header":"","_tribe_default_ticket_provider":"","_tribe_ticket_capacity":"0","_ticket_start_date":"","_ticket_end_date":"","_tribe_ticket_show_description":"","_tribe_ticket_show_not_going":false,"_tribe_ticket_use_global_stock":"","_tribe_ticket_global_stock_level":"","_global_stock_mode":"","_global_stock_cap":"","_tribe_rsvp_for_event":"","_tribe_ticket_going_count":"","_tribe_ticket_not_going_count":"","_tribe_tickets_list":"[]","_tribe_ticket_has_attendee_info_fields":false,"_jetpack_memberships_contains_paid_content":false,"footnotes":""},"categories":[11,12],"tags":[],"class_list":["post-35721","post","type-post","status-publish","format-standard","has-post-thumbnail","hentry","category-meerdere-landen","category-nederland"],"jetpack_featured_media_url":"https:\/\/inzaken.eu\/wp-content\/uploads\/ehab-omaro-1-scaled.jpg","jetpack_sharing_enabled":true,"_links":{"self":[{"href":"https:\/\/inzaken.eu\/index.php\/wp-json\/wp\/v2\/posts\/35721","targetHints":{"allow":["GET"]}}],"collection":[{"href":"https:\/\/inzaken.eu\/index.php\/wp-json\/wp\/v2\/posts"}],"about":[{"href":"https:\/\/inzaken.eu\/index.php\/wp-json\/wp\/v2\/types\/post"}],"author":[{"embeddable":true,"href":"https:\/\/inzaken.eu\/index.php\/wp-json\/wp\/v2\/users\/2"}],"replies":[{"embeddable":true,"href":"https:\/\/inzaken.eu\/index.php\/wp-json\/wp\/v2\/comments?post=35721"}],"version-history":[{"count":1,"href":"https:\/\/inzaken.eu\/index.php\/wp-json\/wp\/v2\/posts\/35721\/revisions"}],"predecessor-version":[{"id":35736,"href":"https:\/\/inzaken.eu\/index.php\/wp-json\/wp\/v2\/posts\/35721\/revisions\/35736"}],"wp:featuredmedia":[{"embeddable":true,"href":"https:\/\/inzaken.eu\/index.php\/wp-json\/wp\/v2\/media\/35722"}],"wp:attachment":[{"href":"https:\/\/inzaken.eu\/index.php\/wp-json\/wp\/v2\/media?parent=35721"}],"wp:term":[{"taxonomy":"category","embeddable":true,"href":"https:\/\/inzaken.eu\/index.php\/wp-json\/wp\/v2\/categories?post=35721"},{"taxonomy":"post_tag","embeddable":true,"href":"https:\/\/inzaken.eu\/index.php\/wp-json\/wp\/v2\/tags?post=35721"}],"curies":[{"name":"wp","href":"https:\/\/api.w.org\/{rel}","templated":true}]}}