{"id":39058,"date":"2025-11-18T06:47:57","date_gmt":"2025-11-18T05:47:57","guid":{"rendered":"https:\/\/inzaken.eu\/?p=39058"},"modified":"2025-11-18T06:48:23","modified_gmt":"2025-11-18T05:48:23","slug":"magritte-la-ligne-de-vie","status":"publish","type":"post","link":"https:\/\/inzaken.eu\/index.php\/2025\/11\/18\/magritte-la-ligne-de-vie\/","title":{"rendered":"Magritte. La ligne de vie"},"content":{"rendered":"\n<p><strong>In 1938 geeft Ren\u00e9 Magritte een lezing in het KMSKA over zijn visie op de werkelijkheid. Hij bespreekt er de oorsprong en ontwikkeling van zijn kunst, en de geschiedenis van de surrealistische beweging in Belgi\u00eb. Onder de titel La ligne de vie was deze lezing, de tweede na die van de Internationale Tentoonstelling van het Surrealisme in Londen, de belangrijkste die Magritte ooit over zijn werk heeft gehouden.<\/strong><\/p>\n\n\n\n<p>De tentoonstelling Magritte. La ligne de vie keert terug naar dat sleutelmoment in de Belgische kunstgeschiedenis. Wandel als het ware door Magrittes lezing en laat je leiden door zijn eigen woorden en de schilderijen die hij toen beschreef. Net als hij begin je bij zijn vroege werk en passeer je schilderijen vol visuele raadsels en woordspelingen, zoals Ceci n\u2019est pas une pipe. Magritte vertelt zelf waarom hij bomen en ramen zo vaak schilderde, en wat zich achter die motieven schuilhoudt.<\/p>\n\n\n\n<p>Tegelijk toont de expo hoe belangrijk deze lezing was voor de Antwerpse surrealistische sc\u00e8ne. Figuren als Mari\u00ebn en L\u00e9o Dohmen, die later mee het naoorlogse surrealisme in Vlaanderen zouden vormgeven, vinden in Magritte hun gids. Zijn optreden in het KMSKA is een kantelpunt: Magritte presenteert er zich niet alleen als kunstenaar, maar ook als denker. Zijn nuchtere, visuele benadering staat haaks op het dromerige Franse surrealisme en zet de toon voor een eigenzinnig Belgische variant, waarin het mysterie schuilt in het banale.<\/p>\n\n\n\n<p><em>\u201cDe natuur schenkt ons de droomtoestand die ons lichaam en onze geest de vrijheid biedt waaraan ze dringend behoefte hebben.\u201d<\/em><\/p>\n\n\n\n<figure class=\"wp-block-image size-large\"><img loading=\"lazy\" decoding=\"async\" width=\"768\" height=\"1024\" src=\"https:\/\/inzaken.eu\/wp-content\/uploads\/magritte-kmska-2-768x1024.jpg\" alt=\"\" class=\"wp-image-39061\" srcset=\"https:\/\/inzaken.eu\/wp-content\/uploads\/magritte-kmska-2-768x1024.jpg 768w, https:\/\/inzaken.eu\/wp-content\/uploads\/magritte-kmska-2-225x300.jpg 225w, https:\/\/inzaken.eu\/wp-content\/uploads\/magritte-kmska-2-816x1088.jpg 816w, https:\/\/inzaken.eu\/wp-content\/uploads\/magritte-kmska-2.jpg 900w\" sizes=\"auto, (max-width: 768px) 100vw, 768px\" \/><\/figure>\n\n\n\n<p><strong>Ren\u00e9 Magritte, tijdens zijn lezing La ligne de vie<\/strong><\/p>\n\n\n\n<p>Dat deze tentoonstelling parallel loopt met de expo rond Marthe Donas is geen toeval. Beide expo\u2019s vertegenwoordigen twee verschillende richtingen binnen het modernisme. En hoewel Magritte eerst ook met abstractie experimenteert, wijst hij deze schilderkunst toch af en kiest zijn eigen weg. Hij wil idee\u00ebn schilderen.<\/p>\n\n\n\n<figure class=\"wp-block-image size-large\"><img loading=\"lazy\" decoding=\"async\" width=\"768\" height=\"1024\" src=\"https:\/\/inzaken.eu\/wp-content\/uploads\/magritte-kmska-3-768x1024.jpg\" alt=\"\" class=\"wp-image-39062\" srcset=\"https:\/\/inzaken.eu\/wp-content\/uploads\/magritte-kmska-3-768x1024.jpg 768w, https:\/\/inzaken.eu\/wp-content\/uploads\/magritte-kmska-3-225x300.jpg 225w, https:\/\/inzaken.eu\/wp-content\/uploads\/magritte-kmska-3-816x1088.jpg 816w, https:\/\/inzaken.eu\/wp-content\/uploads\/magritte-kmska-3.jpg 900w\" sizes=\"auto, (max-width: 768px) 100vw, 768px\" \/><\/figure>\n\n\n\n<p>De expo is een realisatie van het KMSKA in samenwerking met de Fondation Ren\u00e9 Magritte. Wil je ook de expo Donas, Archipenko &amp; La Section d&#8217;Or bezoeken na jouw bezoek aan expo Magritte. La ligne de vie? Voor het bezoek aan de expo van Magritte. La ligne de vie dien je ongeveer \u00e9\u00e9n uur te voorzien. Je kan beide tijdsloten selecteren bij het reserveren van je tickets.<\/p>\n\n\n\n<p><strong>15 november 2025 tot 22 februari 2026<\/strong><\/p>\n\n\n\n<figure class=\"wp-block-embed is-type-video is-provider-youtube wp-block-embed-youtube wp-embed-aspect-16-9 wp-has-aspect-ratio\"><div class=\"wp-block-embed__wrapper\">\n<iframe loading=\"lazy\" title=\"In het KMSKA verwelkomt Magritte je in eigen persoon\" width=\"616\" height=\"347\" src=\"https:\/\/www.youtube.com\/embed\/P2kxJRZXQHw?feature=oembed\" frameborder=\"0\" allow=\"accelerometer; autoplay; clipboard-write; encrypted-media; gyroscope; picture-in-picture; web-share\" referrerpolicy=\"strict-origin-when-cross-origin\" allowfullscreen><\/iframe>\n<\/div><\/figure>\n\n\n\n<p><a href=\"https:\/\/kmska.be\/nl\">https:\/\/kmska.be\/nl<\/a><\/p>\n","protected":false},"excerpt":{"rendered":"<p>In 1938 geeft Ren\u00e9 Magritte een lezing in het KMSKA over zijn visie op de werkelijkheid. Hij bespreekt er de oorsprong en ontwikkeling van zijn kunst, en de geschiedenis van [&hellip;]<\/p>\n","protected":false},"author":2,"featured_media":39060,"comment_status":"open","ping_status":"open","sticky":false,"template":"","format":"standard","meta":{"_price":"","_stock":"","_tribe_ticket_header":"","_tribe_default_ticket_provider":"","_tribe_ticket_capacity":"0","_ticket_start_date":"","_ticket_end_date":"","_tribe_ticket_show_description":"","_tribe_ticket_show_not_going":false,"_tribe_ticket_use_global_stock":"","_tribe_ticket_global_stock_level":"","_global_stock_mode":"","_global_stock_cap":"","_tribe_rsvp_for_event":"","_tribe_ticket_going_count":"","_tribe_ticket_not_going_count":"","_tribe_tickets_list":"[]","_tribe_ticket_has_attendee_info_fields":false,"_jetpack_memberships_contains_paid_content":false,"footnotes":""},"categories":[2],"tags":[],"class_list":["post-39058","post","type-post","status-publish","format-standard","has-post-thumbnail","hentry","category-belgie"],"jetpack_featured_media_url":"https:\/\/inzaken.eu\/wp-content\/uploads\/magritte-kmska-1-.jpg","jetpack_sharing_enabled":true,"_links":{"self":[{"href":"https:\/\/inzaken.eu\/index.php\/wp-json\/wp\/v2\/posts\/39058","targetHints":{"allow":["GET"]}}],"collection":[{"href":"https:\/\/inzaken.eu\/index.php\/wp-json\/wp\/v2\/posts"}],"about":[{"href":"https:\/\/inzaken.eu\/index.php\/wp-json\/wp\/v2\/types\/post"}],"author":[{"embeddable":true,"href":"https:\/\/inzaken.eu\/index.php\/wp-json\/wp\/v2\/users\/2"}],"replies":[{"embeddable":true,"href":"https:\/\/inzaken.eu\/index.php\/wp-json\/wp\/v2\/comments?post=39058"}],"version-history":[{"count":1,"href":"https:\/\/inzaken.eu\/index.php\/wp-json\/wp\/v2\/posts\/39058\/revisions"}],"predecessor-version":[{"id":39063,"href":"https:\/\/inzaken.eu\/index.php\/wp-json\/wp\/v2\/posts\/39058\/revisions\/39063"}],"wp:featuredmedia":[{"embeddable":true,"href":"https:\/\/inzaken.eu\/index.php\/wp-json\/wp\/v2\/media\/39060"}],"wp:attachment":[{"href":"https:\/\/inzaken.eu\/index.php\/wp-json\/wp\/v2\/media?parent=39058"}],"wp:term":[{"taxonomy":"category","embeddable":true,"href":"https:\/\/inzaken.eu\/index.php\/wp-json\/wp\/v2\/categories?post=39058"},{"taxonomy":"post_tag","embeddable":true,"href":"https:\/\/inzaken.eu\/index.php\/wp-json\/wp\/v2\/tags?post=39058"}],"curies":[{"name":"wp","href":"https:\/\/api.w.org\/{rel}","templated":true}]}}